{"id":661,"date":"2021-11-01T13:55:00","date_gmt":"2021-11-01T13:55:00","guid":{"rendered":"https:\/\/cdoc.serpaj.org.ar\/cdoc\/?p=661"},"modified":"2021-11-01T13:55:00","modified_gmt":"2021-11-01T13:55:00","slug":"visito-la-casa-de-los-premios-nobel-la-embajadora-de-mexico","status":"publish","type":"post","link":"https:\/\/cdoc.serpaj.org.ar\/cdoc\/?p=661","title":{"rendered":"Visit\u00f3 la Casa de los Premios Nobel la Embajadora de M\u00e9xico"},"content":{"rendered":"\n<p>El jueves 28 de Octubre recibimos la visita a la Casa de los Premios Nobel de Am\u00e9rica Latina, y la que fue la primer Casa del Serpaj, de la Embajadora de M\u00e9xico en nuestro pa\u00eds, Lilia Eugenia Rossbach Su\u00e1rez. Su visita tuvo como objetivo hacerle entrega en mano a nuestro Premio Nobel de la Paz, Adolfo P\u00e9rez Esquivel, una invitaci\u00f3n para participar del Conversatorio con Galardonados del Premio Nobel de Am\u00e9rica Latina y la inauguraci\u00f3n de la Exposici\u00f3n Unidos en la Diversidad, en M\u00e9xico. En su recorrido P\u00e9rez Esquivel le relat\u00f3, a la Sra. Embajadora, que esta fue la Casa  de resistencia y de lucha a las dictaduras de Am\u00e9rica Latina y que hoy se convierte en la Casa de los Pueblos, de los estudiantes, de las organizaciones Sociales de toda Am\u00e9rica Latina. El Serpaj estuvo representado por tres integrantes y agradece la cordial visita de la Embajadora, que se mostr\u00f3 muy agradecida, emocionada por el reconocimiento a sus compatriotas galardonados con el Premio y dispuesta a trabajar en uni\u00f3n para lograr beneficios rec\u00edprocos. Tambi\u00e9n agradecemos la presencia de su comitiva. Adem\u00e1s estuvieron presentes representantes de la UBA<\/p>\n","protected":false},"excerpt":{"rendered":"<p>El jueves 28 de Octubre recibimos la visita a la Casa de los Premios Nobel de Am\u00e9rica Latina, y la que fue la primer Casa del Serpaj, de la Embajadora de M\u00e9xico en nuestro pa\u00eds, Lilia Eugenia Rossbach Su\u00e1rez. Su visita tuvo como objetivo hacerle entrega en mano a nuestro Premio Nobel de la Paz,&hellip;&nbsp;<a href=\"https:\/\/cdoc.serpaj.org.ar\/cdoc\/?p=661\" class=\"\" rel=\"bookmark\">Leer m\u00e1s &raquo;<span class=\"screen-reader-text\">Visit\u00f3 la Casa de los Premios Nobel la Embajadora de M\u00e9xico<\/span><\/a><\/p>\n","protected":false},"author":1,"featured_media":656,"comment_status":"open","ping_status":"open","sticky":false,"template":"","format":"standard","meta":{"neve_meta_sidebar":"full-width","neve_meta_container":"","neve_meta_enable_content_width":"","neve_meta_content_width":0,"neve_meta_title_alignment":"","neve_meta_author_avatar":"","neve_post_elements_order":"","neve_meta_disable_header":"","neve_meta_disable_footer":"","neve_meta_disable_title":"","_themeisle_gutenberg_block_has_review":false,"_ti_tpc_template_sync":false,"_ti_tpc_template_id":"","footnotes":""},"categories":[1],"tags":[],"class_list":["post-661","post","type-post","status-publish","format-standard","has-post-thumbnail","hentry","category-uncategorized"],"_links":{"self":[{"href":"https:\/\/cdoc.serpaj.org.ar\/cdoc\/index.php?rest_route=\/wp\/v2\/posts\/661","targetHints":{"allow":["GET"]}}],"collection":[{"href":"https:\/\/cdoc.serpaj.org.ar\/cdoc\/index.php?rest_route=\/wp\/v2\/posts"}],"about":[{"href":"https:\/\/cdoc.serpaj.org.ar\/cdoc\/index.php?rest_route=\/wp\/v2\/types\/post"}],"author":[{"embeddable":true,"href":"https:\/\/cdoc.serpaj.org.ar\/cdoc\/index.php?rest_route=\/wp\/v2\/users\/1"}],"replies":[{"embeddable":true,"href":"https:\/\/cdoc.serpaj.org.ar\/cdoc\/index.php?rest_route=%2Fwp%2Fv2%2Fcomments&post=661"}],"version-history":[{"count":1,"href":"https:\/\/cdoc.serpaj.org.ar\/cdoc\/index.php?rest_route=\/wp\/v2\/posts\/661\/revisions"}],"predecessor-version":[{"id":662,"href":"https:\/\/cdoc.serpaj.org.ar\/cdoc\/index.php?rest_route=\/wp\/v2\/posts\/661\/revisions\/662"}],"wp:featuredmedia":[{"embeddable":true,"href":"https:\/\/cdoc.serpaj.org.ar\/cdoc\/index.php?rest_route=\/wp\/v2\/media\/656"}],"wp:attachment":[{"href":"https:\/\/cdoc.serpaj.org.ar\/cdoc\/index.php?rest_route=%2Fwp%2Fv2%2Fmedia&parent=661"}],"wp:term":[{"taxonomy":"category","embeddable":true,"href":"https:\/\/cdoc.serpaj.org.ar\/cdoc\/index.php?rest_route=%2Fwp%2Fv2%2Fcategories&post=661"},{"taxonomy":"post_tag","embeddable":true,"href":"https:\/\/cdoc.serpaj.org.ar\/cdoc\/index.php?rest_route=%2Fwp%2Fv2%2Ftags&post=661"}],"curies":[{"name":"wp","href":"https:\/\/api.w.org\/{rel}","templated":true}]}}